{"id":15205,"date":"2025-07-30T17:09:27","date_gmt":"2025-07-30T15:09:27","guid":{"rendered":"https:\/\/www.enyter.com\/?p=15205"},"modified":"2025-07-30T17:09:27","modified_gmt":"2025-07-30T15:09:27","slug":"immigration-changements-pour-lobtention-de-la-carte-de-sejour-passeport-talent","status":"publish","type":"post","link":"https:\/\/www.enyter.com\/en\/immigration-changements-pour-lobtention-de-la-carte-de-sejour-passeport-talent\/","title":{"rendered":"Immigration : changements pour l&#8217;obtention de la carte de s\u00e9jour &#8216;Passeport Talent&#8221;"},"content":{"rendered":"<p><span class=\"break-words\n          tvm-parent-container\"><span dir=\"ltr\">Immigration : changements pour l&#8217;obtention de la carte de s\u00e9jour &#8216;Passeport Talent&#8221;. \ud83d\udcab<br \/>\nExplication Avant &#8211; Apr\u00e8s ci-dessous \ud83d\udc47<\/span><\/span><\/p>\n<ol>\n<li>Changement de nom du titre de s\u00e9jour<\/li>\n<\/ol>\n<p><strong>Avant <\/strong>: Il existait plusieurs types de titres \u00ab Passeport Talent \u00bb, chacun avec des crit\u00e8res sp\u00e9cifiques.<\/p>\n<p><strong>Maintenant <\/strong>: ces titres sont regroup\u00e9s en cat\u00e9gories plus larges Talent qualifi\u00e9<\/p>\n<p>Talent Porteur de projet<\/p>\n<p>Talent Professions m\u00e9dicales et pharmaceutiques<\/p>\n<p><strong>Cons\u00e9quence <\/strong>: traitement plus rapide et meilleure compr\u00e9hension du titre \u00e0 demander.<\/p>\n<p>&nbsp;<\/p>\n<pre>   2.Nouveau titre de s\u00e9jour pour les professionnels de sant\u00e9<\/pre>\n<p><strong>Avant <\/strong>: Il n\u2019y avait aucune mention des professionnels de sant\u00e9.<\/p>\n<p><strong>Maintenant <\/strong>: Il existe une nouvelle cat\u00e9gorie appel\u00e9e Talent \u2013 Professions m\u00e9dicales et pharmaceutiques.<\/p>\n<p><strong>Cons\u00e9quence <\/strong>: Cible les praticiens titulaires de dipl\u00f4mes hors UE, et son objectif est d\u2019assurer une s\u00e9curit\u00e9 juridique et de r\u00e9pondre aux besoins du secteur de la sant\u00e9.<\/p>\n<p>&nbsp;<\/p>\n<p>3. D\u00e9lais de Traitement<\/p>\n<p><strong>Avant : <\/strong>Il n\u2019y avait pas de d\u00e9lais officiels. Tout d\u00e9pendait du dossier et de la pr\u00e9fecture.<\/p>\n<p><strong>Maintenant<\/strong> <strong>:<\/strong> les d\u00e9lais sont d\u00e9sormais encadr\u00e9s :<\/p>\n<ul>\n<li>90 jours pour une demande conjointe (Carte Bleue Europ\u00e9enne + famille).<\/li>\n<\/ul>\n<ul>\n<li>30 jours pour une demande familiale seule (+ 30 jours possibles).<\/li>\n<\/ul>\n<p><strong>Cons\u00e9quence : <\/strong>cela garantit une acc\u00e9l\u00e9ration des proc\u00e9dures et permet aux demandeurs de mieux comprendre les d\u00e9lais.<\/p>\n<p>&nbsp;<\/p>\n<p>4. Am\u00e9lioration de la Carte Bleue Europ\u00e9enne<\/p>\n<p><strong>Avant : <\/strong>D\u00e9lais de traitement longs et exigence minimale d\u2019un contrat d\u2019un an.<\/p>\n<p><strong>Maintenant<\/strong> <strong>:<\/strong> Contrats de travail d\u2019une dur\u00e9e minimale de 6 mois. Les demandeurs recevront une autorisation provisoire de travail d\u00e8s 30 jours apr\u00e8s leur demande.<\/p>\n<p><strong>Cons\u00e9quence : <\/strong>Cela facilite et garantit la continuit\u00e9 professionnelle.<\/p>\n<p>&nbsp;<\/p>\n<pre>   5. Carte \u00ab Recherche d\u2019emploi \/ Cr\u00e9ation d\u2019entreprise \u00bb<\/pre>\n<p><strong>Avant <\/strong>: Il n\u2019y avait pas de limite de validit\u00e9 du dipl\u00f4me apr\u00e8s l\u2019obtention.<\/p>\n<p><strong>Maintenant <\/strong>: Le dipl\u00f4me, de niveau master, doit d\u00e9sormais avoir \u00e9t\u00e9 obtenu dans les 12 mois pr\u00e9c\u00e9dant la demande.<\/p>\n<p><strong>Cons\u00e9quence <\/strong>: Cibler des profils r\u00e9cemment dipl\u00f4m\u00e9s. La mesure rend l\u2019acc\u00e8s \u00e0 cette carte plus exigeant.<\/p>\n<ul>\n<li>LES DEMARCHES D&#8217;IMMIGRATION PEUVENT ETRE PARFOIS DELICATES : n&#8217;h\u00e9sitez-pas \u00e0 nous contacter<\/li>\n<\/ul>\n<p>&nbsp;<\/p>\n","protected":false},"excerpt":{"rendered":"<p>Immigration : changements pour l&#8217;obtention de la carte de s\u00e9jour &#8216;Passeport Talent&#8221;. \ud83d\udcab Explication Avant &#8211; Apr\u00e8s ci-dessous \ud83d\udc47 Changement de nom du titre de s\u00e9jour Avant : Il existait plusieurs types de titres \u00ab Passeport Talent \u00bb, chacun avec des crit\u00e8res sp\u00e9cifiques. Maintenant : ces titres sont regroup\u00e9s en cat\u00e9gories plus larges Talent qualifi\u00e9 [&hellip;]<\/p>\n","protected":false},"author":4,"featured_media":15209,"comment_status":"closed","ping_status":"open","sticky":false,"template":"","format":"standard","meta":{"footnotes":""},"categories":[69],"tags":[],"class_list":["post-15205","post","type-post","status-publish","format-standard","has-post-thumbnail","hentry","category-immigration"],"yoast_head":"<!-- This site is optimized with the Yoast SEO plugin v27.5 - https:\/\/yoast.com\/product\/yoast-seo-wordpress\/ -->\n<title>Immigration : changements pour l&#039;obtention de la carte de s\u00e9jour &#039;Passeport Talent&quot; - Enyter<\/title>\n<meta name=\"robots\" content=\"index, follow, max-snippet:-1, max-image-preview:large, max-video-preview:-1\" \/>\n<link rel=\"canonical\" href=\"https:\/\/www.enyter.com\/en\/immigration-changements-pour-lobtention-de-la-carte-de-sejour-passeport-talent\/\" \/>\n<meta property=\"og:locale\" content=\"en_US\" \/>\n<meta property=\"og:type\" content=\"article\" \/>\n<meta property=\"og:title\" content=\"Immigration : changements pour l&#039;obtention de la carte de s\u00e9jour &#039;Passeport Talent&quot; - Enyter\" \/>\n<meta property=\"og:description\" content=\"Immigration : changements pour l&#8217;obtention de la carte de s\u00e9jour &#8216;Passeport Talent&#8221;. \ud83d\udcab Explication Avant &#8211; Apr\u00e8s ci-dessous \ud83d\udc47 Changement de nom du titre de s\u00e9jour Avant : Il existait plusieurs types de titres \u00ab Passeport Talent \u00bb, chacun avec des crit\u00e8res sp\u00e9cifiques. Maintenant : ces titres sont regroup\u00e9s en cat\u00e9gories plus larges Talent qualifi\u00e9 [&hellip;]\" \/>\n<meta property=\"og:url\" content=\"https:\/\/www.enyter.com\/en\/immigration-changements-pour-lobtention-de-la-carte-de-sejour-passeport-talent\/\" \/>\n<meta property=\"og:site_name\" content=\"Enyter\" \/>\n<meta property=\"article:published_time\" content=\"2025-07-30T15:09:27+00:00\" \/>\n<meta property=\"og:image\" content=\"http:\/\/www.enyter.com\/wp-content\/uploads\/2025\/07\/immi-passeport-talent-e1753888084977.jpg\" \/>\n\t<meta property=\"og:image:width\" content=\"625\" \/>\n\t<meta property=\"og:image:height\" content=\"549\" \/>\n\t<meta property=\"og:image:type\" content=\"image\/jpeg\" \/>\n<meta name=\"author\" content=\"Enyter\" \/>\n<meta name=\"twitter:card\" content=\"summary_large_image\" \/>\n<meta name=\"twitter:label1\" content=\"Written by\" \/>\n\t<meta name=\"twitter:data1\" content=\"Enyter\" \/>\n\t<meta name=\"twitter:label2\" content=\"Est. reading time\" \/>\n\t<meta name=\"twitter:data2\" content=\"2 minutes\" \/>\n<script type=\"application\/ld+json\" class=\"yoast-schema-graph\">{\"@context\":\"https:\\\/\\\/schema.org\",\"@graph\":[{\"@type\":\"Article\",\"@id\":\"https:\\\/\\\/www.enyter.com\\\/en\\\/immigration-changements-pour-lobtention-de-la-carte-de-sejour-passeport-talent\\\/#article\",\"isPartOf\":{\"@id\":\"https:\\\/\\\/www.enyter.com\\\/en\\\/immigration-changements-pour-lobtention-de-la-carte-de-sejour-passeport-talent\\\/\"},\"author\":{\"name\":\"Enyter\",\"@id\":\"https:\\\/\\\/www.enyter.com\\\/en\\\/#\\\/schema\\\/person\\\/2f6aab44c9efdc53d2e2e922ed7aa1e5\"},\"headline\":\"Immigration : changements pour l&#8217;obtention de la carte de s\u00e9jour &#8216;Passeport Talent&#8221;\",\"datePublished\":\"2025-07-30T15:09:27+00:00\",\"mainEntityOfPage\":{\"@id\":\"https:\\\/\\\/www.enyter.com\\\/en\\\/immigration-changements-pour-lobtention-de-la-carte-de-sejour-passeport-talent\\\/\"},\"wordCount\":351,\"image\":{\"@id\":\"https:\\\/\\\/www.enyter.com\\\/en\\\/immigration-changements-pour-lobtention-de-la-carte-de-sejour-passeport-talent\\\/#primaryimage\"},\"thumbnailUrl\":\"https:\\\/\\\/www.enyter.com\\\/wp-content\\\/uploads\\\/2025\\\/07\\\/immi-passeport-talent-e1753888084977.jpg\",\"articleSection\":[\"Immigration\"],\"inLanguage\":\"en-US\"},{\"@type\":\"WebPage\",\"@id\":\"https:\\\/\\\/www.enyter.com\\\/en\\\/immigration-changements-pour-lobtention-de-la-carte-de-sejour-passeport-talent\\\/\",\"url\":\"https:\\\/\\\/www.enyter.com\\\/en\\\/immigration-changements-pour-lobtention-de-la-carte-de-sejour-passeport-talent\\\/\",\"name\":\"Immigration : changements pour l'obtention de la carte de s\u00e9jour 'Passeport Talent\\\" - Enyter\",\"isPartOf\":{\"@id\":\"https:\\\/\\\/www.enyter.com\\\/en\\\/#website\"},\"primaryImageOfPage\":{\"@id\":\"https:\\\/\\\/www.enyter.com\\\/en\\\/immigration-changements-pour-lobtention-de-la-carte-de-sejour-passeport-talent\\\/#primaryimage\"},\"image\":{\"@id\":\"https:\\\/\\\/www.enyter.com\\\/en\\\/immigration-changements-pour-lobtention-de-la-carte-de-sejour-passeport-talent\\\/#primaryimage\"},\"thumbnailUrl\":\"https:\\\/\\\/www.enyter.com\\\/wp-content\\\/uploads\\\/2025\\\/07\\\/immi-passeport-talent-e1753888084977.jpg\",\"datePublished\":\"2025-07-30T15:09:27+00:00\",\"author\":{\"@id\":\"https:\\\/\\\/www.enyter.com\\\/en\\\/#\\\/schema\\\/person\\\/2f6aab44c9efdc53d2e2e922ed7aa1e5\"},\"breadcrumb\":{\"@id\":\"https:\\\/\\\/www.enyter.com\\\/en\\\/immigration-changements-pour-lobtention-de-la-carte-de-sejour-passeport-talent\\\/#breadcrumb\"},\"inLanguage\":\"en-US\",\"potentialAction\":[{\"@type\":\"ReadAction\",\"target\":[\"https:\\\/\\\/www.enyter.com\\\/en\\\/immigration-changements-pour-lobtention-de-la-carte-de-sejour-passeport-talent\\\/\"]}]},{\"@type\":\"ImageObject\",\"inLanguage\":\"en-US\",\"@id\":\"https:\\\/\\\/www.enyter.com\\\/en\\\/immigration-changements-pour-lobtention-de-la-carte-de-sejour-passeport-talent\\\/#primaryimage\",\"url\":\"https:\\\/\\\/www.enyter.com\\\/wp-content\\\/uploads\\\/2025\\\/07\\\/immi-passeport-talent-e1753888084977.jpg\",\"contentUrl\":\"https:\\\/\\\/www.enyter.com\\\/wp-content\\\/uploads\\\/2025\\\/07\\\/immi-passeport-talent-e1753888084977.jpg\",\"width\":625,\"height\":549},{\"@type\":\"BreadcrumbList\",\"@id\":\"https:\\\/\\\/www.enyter.com\\\/en\\\/immigration-changements-pour-lobtention-de-la-carte-de-sejour-passeport-talent\\\/#breadcrumb\",\"itemListElement\":[{\"@type\":\"ListItem\",\"position\":1,\"name\":\"Home\",\"item\":\"https:\\\/\\\/www.enyter.com\\\/en\\\/\"},{\"@type\":\"ListItem\",\"position\":2,\"name\":\"Immigration : changements pour l&rsquo;obtention de la carte de s\u00e9jour &lsquo;Passeport Talent\u00a0\u00bb\"}]},{\"@type\":\"WebSite\",\"@id\":\"https:\\\/\\\/www.enyter.com\\\/en\\\/#website\",\"url\":\"https:\\\/\\\/www.enyter.com\\\/en\\\/\",\"name\":\"Enyter\",\"description\":\"Sp\u00e9cialiste de la mobilit\u00e9\",\"potentialAction\":[{\"@type\":\"SearchAction\",\"target\":{\"@type\":\"EntryPoint\",\"urlTemplate\":\"https:\\\/\\\/www.enyter.com\\\/en\\\/?s={search_term_string}\"},\"query-input\":{\"@type\":\"PropertyValueSpecification\",\"valueRequired\":true,\"valueName\":\"search_term_string\"}}],\"inLanguage\":\"en-US\"},{\"@type\":\"Person\",\"@id\":\"https:\\\/\\\/www.enyter.com\\\/en\\\/#\\\/schema\\\/person\\\/2f6aab44c9efdc53d2e2e922ed7aa1e5\",\"name\":\"Enyter\",\"image\":{\"@type\":\"ImageObject\",\"inLanguage\":\"en-US\",\"@id\":\"https:\\\/\\\/secure.gravatar.com\\\/avatar\\\/8c152776ee1f8c1d2bc6b354d71f5ca39da2de43444b967e1ef4e661fd2a813f?s=96&d=mm&r=g\",\"url\":\"https:\\\/\\\/secure.gravatar.com\\\/avatar\\\/8c152776ee1f8c1d2bc6b354d71f5ca39da2de43444b967e1ef4e661fd2a813f?s=96&d=mm&r=g\",\"contentUrl\":\"https:\\\/\\\/secure.gravatar.com\\\/avatar\\\/8c152776ee1f8c1d2bc6b354d71f5ca39da2de43444b967e1ef4e661fd2a813f?s=96&d=mm&r=g\",\"caption\":\"Enyter\"},\"sameAs\":[\"http:\\\/\\\/enyter.com\"],\"url\":\"https:\\\/\\\/www.enyter.com\\\/en\\\/author\\\/enyter\\\/\"}]}<\/script>\n<!-- \/ Yoast SEO plugin. -->","yoast_head_json":{"title":"Immigration : changements pour l'obtention de la carte de s\u00e9jour 'Passeport Talent\" - Enyter","robots":{"index":"index","follow":"follow","max-snippet":"max-snippet:-1","max-image-preview":"max-image-preview:large","max-video-preview":"max-video-preview:-1"},"canonical":"https:\/\/www.enyter.com\/en\/immigration-changements-pour-lobtention-de-la-carte-de-sejour-passeport-talent\/","og_locale":"en_US","og_type":"article","og_title":"Immigration : changements pour l'obtention de la carte de s\u00e9jour 'Passeport Talent\" - Enyter","og_description":"Immigration : changements pour l&#8217;obtention de la carte de s\u00e9jour &#8216;Passeport Talent&#8221;. \ud83d\udcab Explication Avant &#8211; Apr\u00e8s ci-dessous \ud83d\udc47 Changement de nom du titre de s\u00e9jour Avant : Il existait plusieurs types de titres \u00ab Passeport Talent \u00bb, chacun avec des crit\u00e8res sp\u00e9cifiques. Maintenant : ces titres sont regroup\u00e9s en cat\u00e9gories plus larges Talent qualifi\u00e9 [&hellip;]","og_url":"https:\/\/www.enyter.com\/en\/immigration-changements-pour-lobtention-de-la-carte-de-sejour-passeport-talent\/","og_site_name":"Enyter","article_published_time":"2025-07-30T15:09:27+00:00","og_image":[{"width":625,"height":549,"url":"http:\/\/www.enyter.com\/wp-content\/uploads\/2025\/07\/immi-passeport-talent-e1753888084977.jpg","type":"image\/jpeg"}],"author":"Enyter","twitter_card":"summary_large_image","twitter_misc":{"Written by":"Enyter","Est. reading time":"2 minutes"},"schema":{"@context":"https:\/\/schema.org","@graph":[{"@type":"Article","@id":"https:\/\/www.enyter.com\/en\/immigration-changements-pour-lobtention-de-la-carte-de-sejour-passeport-talent\/#article","isPartOf":{"@id":"https:\/\/www.enyter.com\/en\/immigration-changements-pour-lobtention-de-la-carte-de-sejour-passeport-talent\/"},"author":{"name":"Enyter","@id":"https:\/\/www.enyter.com\/en\/#\/schema\/person\/2f6aab44c9efdc53d2e2e922ed7aa1e5"},"headline":"Immigration : changements pour l&#8217;obtention de la carte de s\u00e9jour &#8216;Passeport Talent&#8221;","datePublished":"2025-07-30T15:09:27+00:00","mainEntityOfPage":{"@id":"https:\/\/www.enyter.com\/en\/immigration-changements-pour-lobtention-de-la-carte-de-sejour-passeport-talent\/"},"wordCount":351,"image":{"@id":"https:\/\/www.enyter.com\/en\/immigration-changements-pour-lobtention-de-la-carte-de-sejour-passeport-talent\/#primaryimage"},"thumbnailUrl":"https:\/\/www.enyter.com\/wp-content\/uploads\/2025\/07\/immi-passeport-talent-e1753888084977.jpg","articleSection":["Immigration"],"inLanguage":"en-US"},{"@type":"WebPage","@id":"https:\/\/www.enyter.com\/en\/immigration-changements-pour-lobtention-de-la-carte-de-sejour-passeport-talent\/","url":"https:\/\/www.enyter.com\/en\/immigration-changements-pour-lobtention-de-la-carte-de-sejour-passeport-talent\/","name":"Immigration : changements pour l'obtention de la carte de s\u00e9jour 'Passeport Talent\" - Enyter","isPartOf":{"@id":"https:\/\/www.enyter.com\/en\/#website"},"primaryImageOfPage":{"@id":"https:\/\/www.enyter.com\/en\/immigration-changements-pour-lobtention-de-la-carte-de-sejour-passeport-talent\/#primaryimage"},"image":{"@id":"https:\/\/www.enyter.com\/en\/immigration-changements-pour-lobtention-de-la-carte-de-sejour-passeport-talent\/#primaryimage"},"thumbnailUrl":"https:\/\/www.enyter.com\/wp-content\/uploads\/2025\/07\/immi-passeport-talent-e1753888084977.jpg","datePublished":"2025-07-30T15:09:27+00:00","author":{"@id":"https:\/\/www.enyter.com\/en\/#\/schema\/person\/2f6aab44c9efdc53d2e2e922ed7aa1e5"},"breadcrumb":{"@id":"https:\/\/www.enyter.com\/en\/immigration-changements-pour-lobtention-de-la-carte-de-sejour-passeport-talent\/#breadcrumb"},"inLanguage":"en-US","potentialAction":[{"@type":"ReadAction","target":["https:\/\/www.enyter.com\/en\/immigration-changements-pour-lobtention-de-la-carte-de-sejour-passeport-talent\/"]}]},{"@type":"ImageObject","inLanguage":"en-US","@id":"https:\/\/www.enyter.com\/en\/immigration-changements-pour-lobtention-de-la-carte-de-sejour-passeport-talent\/#primaryimage","url":"https:\/\/www.enyter.com\/wp-content\/uploads\/2025\/07\/immi-passeport-talent-e1753888084977.jpg","contentUrl":"https:\/\/www.enyter.com\/wp-content\/uploads\/2025\/07\/immi-passeport-talent-e1753888084977.jpg","width":625,"height":549},{"@type":"BreadcrumbList","@id":"https:\/\/www.enyter.com\/en\/immigration-changements-pour-lobtention-de-la-carte-de-sejour-passeport-talent\/#breadcrumb","itemListElement":[{"@type":"ListItem","position":1,"name":"Home","item":"https:\/\/www.enyter.com\/en\/"},{"@type":"ListItem","position":2,"name":"Immigration : changements pour l&rsquo;obtention de la carte de s\u00e9jour &lsquo;Passeport Talent\u00a0\u00bb"}]},{"@type":"WebSite","@id":"https:\/\/www.enyter.com\/en\/#website","url":"https:\/\/www.enyter.com\/en\/","name":"Enyter","description":"Sp\u00e9cialiste de la mobilit\u00e9","potentialAction":[{"@type":"SearchAction","target":{"@type":"EntryPoint","urlTemplate":"https:\/\/www.enyter.com\/en\/?s={search_term_string}"},"query-input":{"@type":"PropertyValueSpecification","valueRequired":true,"valueName":"search_term_string"}}],"inLanguage":"en-US"},{"@type":"Person","@id":"https:\/\/www.enyter.com\/en\/#\/schema\/person\/2f6aab44c9efdc53d2e2e922ed7aa1e5","name":"Enyter","image":{"@type":"ImageObject","inLanguage":"en-US","@id":"https:\/\/secure.gravatar.com\/avatar\/8c152776ee1f8c1d2bc6b354d71f5ca39da2de43444b967e1ef4e661fd2a813f?s=96&d=mm&r=g","url":"https:\/\/secure.gravatar.com\/avatar\/8c152776ee1f8c1d2bc6b354d71f5ca39da2de43444b967e1ef4e661fd2a813f?s=96&d=mm&r=g","contentUrl":"https:\/\/secure.gravatar.com\/avatar\/8c152776ee1f8c1d2bc6b354d71f5ca39da2de43444b967e1ef4e661fd2a813f?s=96&d=mm&r=g","caption":"Enyter"},"sameAs":["http:\/\/enyter.com"],"url":"https:\/\/www.enyter.com\/en\/author\/enyter\/"}]}},"_links":{"self":[{"href":"https:\/\/www.enyter.com\/en\/wp-json\/wp\/v2\/posts\/15205","targetHints":{"allow":["GET"]}}],"collection":[{"href":"https:\/\/www.enyter.com\/en\/wp-json\/wp\/v2\/posts"}],"about":[{"href":"https:\/\/www.enyter.com\/en\/wp-json\/wp\/v2\/types\/post"}],"author":[{"embeddable":true,"href":"https:\/\/www.enyter.com\/en\/wp-json\/wp\/v2\/users\/4"}],"replies":[{"embeddable":true,"href":"https:\/\/www.enyter.com\/en\/wp-json\/wp\/v2\/comments?post=15205"}],"version-history":[{"count":1,"href":"https:\/\/www.enyter.com\/en\/wp-json\/wp\/v2\/posts\/15205\/revisions"}],"predecessor-version":[{"id":15212,"href":"https:\/\/www.enyter.com\/en\/wp-json\/wp\/v2\/posts\/15205\/revisions\/15212"}],"wp:featuredmedia":[{"embeddable":true,"href":"https:\/\/www.enyter.com\/en\/wp-json\/wp\/v2\/media\/15209"}],"wp:attachment":[{"href":"https:\/\/www.enyter.com\/en\/wp-json\/wp\/v2\/media?parent=15205"}],"wp:term":[{"taxonomy":"category","embeddable":true,"href":"https:\/\/www.enyter.com\/en\/wp-json\/wp\/v2\/categories?post=15205"},{"taxonomy":"post_tag","embeddable":true,"href":"https:\/\/www.enyter.com\/en\/wp-json\/wp\/v2\/tags?post=15205"}],"curies":[{"name":"wp","href":"https:\/\/api.w.org\/{rel}","templated":true}]}}