{"id":14533,"date":"2023-07-08T12:18:00","date_gmt":"2023-07-08T10:18:00","guid":{"rendered":"https:\/\/www.enyter.com\/?p=14533"},"modified":"2023-07-10T09:20:29","modified_gmt":"2023-07-10T07:20:29","slug":"non-hausse-de-loyer","status":"publish","type":"post","link":"https:\/\/www.enyter.com\/es\/non-hausse-de-loyer\/","title":{"rendered":"Non hausse de loyer !"},"content":{"rendered":"<div class=\"feed-shared-update-v2__description-wrapper mr2\" tabindex=\"-1\">\n<div class=\"feed-shared-inline-show-more-text feed-shared-update-v2__description feed-shared-inline-show-more-text--minimal-padding feed-shared-inline-show-more-text--expanded \" tabindex=\"-1\" data-artdeco-is-focused=\"true\">\n<div class=\"update-components-text relative feed-shared-update-v2__commentary \" dir=\"ltr\">\n<p><span class=\"break-words \"><span dir=\"ltr\">Dans son plan pour \u00e9liminer les logements consid\u00e9r\u00e9s comme des passoires thermiques, le gouvernement a durci la r\u00e9glementation encadrant la mise en location avec objectif de l\u2019interdire compl\u00e8tement \u00e0 l\u2019horizon 2034.<\/span><\/span><\/p>\n<p>Pour les logements en DPE (diagnostic de performance \u00e9nerg\u00e9tique) F ou G\u00a0(les plus fortes consommations) : depuis le 24 ao\u00fbt 2022, il est impossible pour les propri\u00e9taires bailleurs d\u2019augmenter les loyers. \u00c0 noter que cette interdiction ne s\u2019applique pas sur un contrat en cours.<\/p>\n<p>De plus, depuis le 1er janvier 2023, si un bailleur pr\u00e9sente \u00e0 la location un logement dont la consommation s\u2019\u00e9l\u00e8ve \u00e0 plus de 450 kWh\/m2\/an en \u00e9nergie finale (classe G+) et donc consid\u00e9r\u00e9 comme ind\u00e9cent, le bailleur peut s\u2019exposer \u00e0 des sanctions : r\u00e9duction de loyer ou dommages et int\u00e9r\u00eats \u00e0 verser au locataire ou \u00e0 le contraindre \u00e0 effectuer des travaux.<\/p>\n<p>Derni\u00e8re info positive\u00a0: le gouvernement a reconduit la hausse maximum des loyers \u00e0 3.5 % pour 2023.<\/p>\n<\/div>\n<\/div>\n<\/div>\n<div class=\"update-components-image__container\"><\/div>\n<div>Une question ? contactez-vous au 01 30 84 08 18 ou contact@enyter.com<\/div>\n<div><\/div>\n","protected":false},"excerpt":{"rendered":"<p>Dans son plan pour \u00e9liminer les logements consid\u00e9r\u00e9s comme des passoires thermiques, le gouvernement a durci la r\u00e9glementation encadrant la mise en location avec objectif de l\u2019interdire compl\u00e8tement \u00e0 l\u2019horizon 2034. Pour les logements en DPE (diagnostic de performance \u00e9nerg\u00e9tique) F ou G\u00a0(les plus fortes consommations) : depuis le 24 ao\u00fbt 2022, il est impossible [&hellip;]<\/p>\n","protected":false},"author":4,"featured_media":14534,"comment_status":"closed","ping_status":"open","sticky":false,"template":"","format":"standard","meta":{"footnotes":""},"categories":[64],"tags":[],"class_list":["post-14533","post","type-post","status-publish","format-standard","has-post-thumbnail","hentry","category-enyter"],"yoast_head":"<!-- This site is optimized with the Yoast SEO plugin v27.5 - https:\/\/yoast.com\/product\/yoast-seo-wordpress\/ -->\n<title>Non hausse de loyer ! - Enyter<\/title>\n<meta name=\"description\" content=\"HAUSSE DE LOYER DES LOGEMENTS\" \/>\n<meta name=\"robots\" content=\"index, follow, max-snippet:-1, max-image-preview:large, max-video-preview:-1\" \/>\n<link rel=\"canonical\" href=\"https:\/\/www.enyter.com\/es\/non-hausse-de-loyer\/\" \/>\n<meta property=\"og:locale\" content=\"es_ES\" \/>\n<meta property=\"og:type\" content=\"article\" \/>\n<meta property=\"og:title\" content=\"Non hausse de loyer ! - Enyter\" \/>\n<meta property=\"og:description\" content=\"HAUSSE DE LOYER DES LOGEMENTS\" \/>\n<meta property=\"og:url\" content=\"https:\/\/www.enyter.com\/es\/non-hausse-de-loyer\/\" \/>\n<meta property=\"og:site_name\" content=\"Enyter\" \/>\n<meta property=\"article:published_time\" content=\"2023-07-08T10:18:00+00:00\" \/>\n<meta property=\"article:modified_time\" content=\"2023-07-10T07:20:29+00:00\" \/>\n<meta property=\"og:image\" content=\"http:\/\/www.enyter.com\/wp-content\/uploads\/2023\/07\/Shutterstock_1380860129-scaled.jpg\" \/>\n\t<meta property=\"og:image:width\" content=\"2560\" \/>\n\t<meta property=\"og:image:height\" content=\"1496\" \/>\n\t<meta property=\"og:image:type\" content=\"image\/jpeg\" \/>\n<meta name=\"author\" content=\"Enyter\" \/>\n<meta name=\"twitter:card\" content=\"summary_large_image\" \/>\n<meta name=\"twitter:label1\" content=\"Escrito por\" \/>\n\t<meta name=\"twitter:data1\" content=\"Enyter\" \/>\n\t<meta name=\"twitter:label2\" content=\"Tiempo de lectura\" \/>\n\t<meta name=\"twitter:data2\" content=\"1 minuto\" \/>\n<script type=\"application\/ld+json\" class=\"yoast-schema-graph\">{\"@context\":\"https:\\\/\\\/schema.org\",\"@graph\":[{\"@type\":\"Article\",\"@id\":\"https:\\\/\\\/www.enyter.com\\\/es\\\/non-hausse-de-loyer\\\/#article\",\"isPartOf\":{\"@id\":\"https:\\\/\\\/www.enyter.com\\\/es\\\/non-hausse-de-loyer\\\/\"},\"author\":{\"name\":\"Enyter\",\"@id\":\"https:\\\/\\\/www.enyter.com\\\/es\\\/#\\\/schema\\\/person\\\/2f6aab44c9efdc53d2e2e922ed7aa1e5\"},\"headline\":\"Non hausse de loyer !\",\"datePublished\":\"2023-07-08T10:18:00+00:00\",\"dateModified\":\"2023-07-10T07:20:29+00:00\",\"mainEntityOfPage\":{\"@id\":\"https:\\\/\\\/www.enyter.com\\\/es\\\/non-hausse-de-loyer\\\/\"},\"wordCount\":171,\"image\":{\"@id\":\"https:\\\/\\\/www.enyter.com\\\/es\\\/non-hausse-de-loyer\\\/#primaryimage\"},\"thumbnailUrl\":\"https:\\\/\\\/www.enyter.com\\\/wp-content\\\/uploads\\\/2023\\\/07\\\/Shutterstock_1380860129-scaled.jpg\",\"articleSection\":[\"Enyter\"],\"inLanguage\":\"es\"},{\"@type\":\"WebPage\",\"@id\":\"https:\\\/\\\/www.enyter.com\\\/es\\\/non-hausse-de-loyer\\\/\",\"url\":\"https:\\\/\\\/www.enyter.com\\\/es\\\/non-hausse-de-loyer\\\/\",\"name\":\"Non hausse de loyer ! - Enyter\",\"isPartOf\":{\"@id\":\"https:\\\/\\\/www.enyter.com\\\/es\\\/#website\"},\"primaryImageOfPage\":{\"@id\":\"https:\\\/\\\/www.enyter.com\\\/es\\\/non-hausse-de-loyer\\\/#primaryimage\"},\"image\":{\"@id\":\"https:\\\/\\\/www.enyter.com\\\/es\\\/non-hausse-de-loyer\\\/#primaryimage\"},\"thumbnailUrl\":\"https:\\\/\\\/www.enyter.com\\\/wp-content\\\/uploads\\\/2023\\\/07\\\/Shutterstock_1380860129-scaled.jpg\",\"datePublished\":\"2023-07-08T10:18:00+00:00\",\"dateModified\":\"2023-07-10T07:20:29+00:00\",\"author\":{\"@id\":\"https:\\\/\\\/www.enyter.com\\\/es\\\/#\\\/schema\\\/person\\\/2f6aab44c9efdc53d2e2e922ed7aa1e5\"},\"description\":\"HAUSSE DE LOYER DES LOGEMENTS\",\"breadcrumb\":{\"@id\":\"https:\\\/\\\/www.enyter.com\\\/es\\\/non-hausse-de-loyer\\\/#breadcrumb\"},\"inLanguage\":\"es\",\"potentialAction\":[{\"@type\":\"ReadAction\",\"target\":[\"https:\\\/\\\/www.enyter.com\\\/es\\\/non-hausse-de-loyer\\\/\"]}]},{\"@type\":\"ImageObject\",\"inLanguage\":\"es\",\"@id\":\"https:\\\/\\\/www.enyter.com\\\/es\\\/non-hausse-de-loyer\\\/#primaryimage\",\"url\":\"https:\\\/\\\/www.enyter.com\\\/wp-content\\\/uploads\\\/2023\\\/07\\\/Shutterstock_1380860129-scaled.jpg\",\"contentUrl\":\"https:\\\/\\\/www.enyter.com\\\/wp-content\\\/uploads\\\/2023\\\/07\\\/Shutterstock_1380860129-scaled.jpg\",\"width\":2560,\"height\":1496},{\"@type\":\"BreadcrumbList\",\"@id\":\"https:\\\/\\\/www.enyter.com\\\/es\\\/non-hausse-de-loyer\\\/#breadcrumb\",\"itemListElement\":[{\"@type\":\"ListItem\",\"position\":1,\"name\":\"Inicio\",\"item\":\"https:\\\/\\\/www.enyter.com\\\/es\\\/\"},{\"@type\":\"ListItem\",\"position\":2,\"name\":\"Non hausse de loyer !\"}]},{\"@type\":\"WebSite\",\"@id\":\"https:\\\/\\\/www.enyter.com\\\/es\\\/#website\",\"url\":\"https:\\\/\\\/www.enyter.com\\\/es\\\/\",\"name\":\"Enyter\",\"description\":\"Sp\u00e9cialiste de la mobilit\u00e9\",\"potentialAction\":[{\"@type\":\"SearchAction\",\"target\":{\"@type\":\"EntryPoint\",\"urlTemplate\":\"https:\\\/\\\/www.enyter.com\\\/es\\\/?s={search_term_string}\"},\"query-input\":{\"@type\":\"PropertyValueSpecification\",\"valueRequired\":true,\"valueName\":\"search_term_string\"}}],\"inLanguage\":\"es\"},{\"@type\":\"Person\",\"@id\":\"https:\\\/\\\/www.enyter.com\\\/es\\\/#\\\/schema\\\/person\\\/2f6aab44c9efdc53d2e2e922ed7aa1e5\",\"name\":\"Enyter\",\"image\":{\"@type\":\"ImageObject\",\"inLanguage\":\"es\",\"@id\":\"https:\\\/\\\/secure.gravatar.com\\\/avatar\\\/8c152776ee1f8c1d2bc6b354d71f5ca39da2de43444b967e1ef4e661fd2a813f?s=96&d=mm&r=g\",\"url\":\"https:\\\/\\\/secure.gravatar.com\\\/avatar\\\/8c152776ee1f8c1d2bc6b354d71f5ca39da2de43444b967e1ef4e661fd2a813f?s=96&d=mm&r=g\",\"contentUrl\":\"https:\\\/\\\/secure.gravatar.com\\\/avatar\\\/8c152776ee1f8c1d2bc6b354d71f5ca39da2de43444b967e1ef4e661fd2a813f?s=96&d=mm&r=g\",\"caption\":\"Enyter\"},\"sameAs\":[\"http:\\\/\\\/enyter.com\"],\"url\":\"https:\\\/\\\/www.enyter.com\\\/es\\\/author\\\/enyter\\\/\"}]}<\/script>\n<!-- \/ Yoast SEO plugin. -->","yoast_head_json":{"title":"Non hausse de loyer ! - Enyter","description":"HAUSSE DE LOYER DES LOGEMENTS","robots":{"index":"index","follow":"follow","max-snippet":"max-snippet:-1","max-image-preview":"max-image-preview:large","max-video-preview":"max-video-preview:-1"},"canonical":"https:\/\/www.enyter.com\/es\/non-hausse-de-loyer\/","og_locale":"es_ES","og_type":"article","og_title":"Non hausse de loyer ! - Enyter","og_description":"HAUSSE DE LOYER DES LOGEMENTS","og_url":"https:\/\/www.enyter.com\/es\/non-hausse-de-loyer\/","og_site_name":"Enyter","article_published_time":"2023-07-08T10:18:00+00:00","article_modified_time":"2023-07-10T07:20:29+00:00","og_image":[{"width":2560,"height":1496,"url":"http:\/\/www.enyter.com\/wp-content\/uploads\/2023\/07\/Shutterstock_1380860129-scaled.jpg","type":"image\/jpeg"}],"author":"Enyter","twitter_card":"summary_large_image","twitter_misc":{"Escrito por":"Enyter","Tiempo de lectura":"1 minuto"},"schema":{"@context":"https:\/\/schema.org","@graph":[{"@type":"Article","@id":"https:\/\/www.enyter.com\/es\/non-hausse-de-loyer\/#article","isPartOf":{"@id":"https:\/\/www.enyter.com\/es\/non-hausse-de-loyer\/"},"author":{"name":"Enyter","@id":"https:\/\/www.enyter.com\/es\/#\/schema\/person\/2f6aab44c9efdc53d2e2e922ed7aa1e5"},"headline":"Non hausse de loyer !","datePublished":"2023-07-08T10:18:00+00:00","dateModified":"2023-07-10T07:20:29+00:00","mainEntityOfPage":{"@id":"https:\/\/www.enyter.com\/es\/non-hausse-de-loyer\/"},"wordCount":171,"image":{"@id":"https:\/\/www.enyter.com\/es\/non-hausse-de-loyer\/#primaryimage"},"thumbnailUrl":"https:\/\/www.enyter.com\/wp-content\/uploads\/2023\/07\/Shutterstock_1380860129-scaled.jpg","articleSection":["Enyter"],"inLanguage":"es"},{"@type":"WebPage","@id":"https:\/\/www.enyter.com\/es\/non-hausse-de-loyer\/","url":"https:\/\/www.enyter.com\/es\/non-hausse-de-loyer\/","name":"Non hausse de loyer ! - Enyter","isPartOf":{"@id":"https:\/\/www.enyter.com\/es\/#website"},"primaryImageOfPage":{"@id":"https:\/\/www.enyter.com\/es\/non-hausse-de-loyer\/#primaryimage"},"image":{"@id":"https:\/\/www.enyter.com\/es\/non-hausse-de-loyer\/#primaryimage"},"thumbnailUrl":"https:\/\/www.enyter.com\/wp-content\/uploads\/2023\/07\/Shutterstock_1380860129-scaled.jpg","datePublished":"2023-07-08T10:18:00+00:00","dateModified":"2023-07-10T07:20:29+00:00","author":{"@id":"https:\/\/www.enyter.com\/es\/#\/schema\/person\/2f6aab44c9efdc53d2e2e922ed7aa1e5"},"description":"HAUSSE DE LOYER DES LOGEMENTS","breadcrumb":{"@id":"https:\/\/www.enyter.com\/es\/non-hausse-de-loyer\/#breadcrumb"},"inLanguage":"es","potentialAction":[{"@type":"ReadAction","target":["https:\/\/www.enyter.com\/es\/non-hausse-de-loyer\/"]}]},{"@type":"ImageObject","inLanguage":"es","@id":"https:\/\/www.enyter.com\/es\/non-hausse-de-loyer\/#primaryimage","url":"https:\/\/www.enyter.com\/wp-content\/uploads\/2023\/07\/Shutterstock_1380860129-scaled.jpg","contentUrl":"https:\/\/www.enyter.com\/wp-content\/uploads\/2023\/07\/Shutterstock_1380860129-scaled.jpg","width":2560,"height":1496},{"@type":"BreadcrumbList","@id":"https:\/\/www.enyter.com\/es\/non-hausse-de-loyer\/#breadcrumb","itemListElement":[{"@type":"ListItem","position":1,"name":"Inicio","item":"https:\/\/www.enyter.com\/es\/"},{"@type":"ListItem","position":2,"name":"Non hausse de loyer !"}]},{"@type":"WebSite","@id":"https:\/\/www.enyter.com\/es\/#website","url":"https:\/\/www.enyter.com\/es\/","name":"Enyter","description":"Sp\u00e9cialiste de la mobilit\u00e9","potentialAction":[{"@type":"SearchAction","target":{"@type":"EntryPoint","urlTemplate":"https:\/\/www.enyter.com\/es\/?s={search_term_string}"},"query-input":{"@type":"PropertyValueSpecification","valueRequired":true,"valueName":"search_term_string"}}],"inLanguage":"es"},{"@type":"Person","@id":"https:\/\/www.enyter.com\/es\/#\/schema\/person\/2f6aab44c9efdc53d2e2e922ed7aa1e5","name":"Enyter","image":{"@type":"ImageObject","inLanguage":"es","@id":"https:\/\/secure.gravatar.com\/avatar\/8c152776ee1f8c1d2bc6b354d71f5ca39da2de43444b967e1ef4e661fd2a813f?s=96&d=mm&r=g","url":"https:\/\/secure.gravatar.com\/avatar\/8c152776ee1f8c1d2bc6b354d71f5ca39da2de43444b967e1ef4e661fd2a813f?s=96&d=mm&r=g","contentUrl":"https:\/\/secure.gravatar.com\/avatar\/8c152776ee1f8c1d2bc6b354d71f5ca39da2de43444b967e1ef4e661fd2a813f?s=96&d=mm&r=g","caption":"Enyter"},"sameAs":["http:\/\/enyter.com"],"url":"https:\/\/www.enyter.com\/es\/author\/enyter\/"}]}},"_links":{"self":[{"href":"https:\/\/www.enyter.com\/es\/wp-json\/wp\/v2\/posts\/14533","targetHints":{"allow":["GET"]}}],"collection":[{"href":"https:\/\/www.enyter.com\/es\/wp-json\/wp\/v2\/posts"}],"about":[{"href":"https:\/\/www.enyter.com\/es\/wp-json\/wp\/v2\/types\/post"}],"author":[{"embeddable":true,"href":"https:\/\/www.enyter.com\/es\/wp-json\/wp\/v2\/users\/4"}],"replies":[{"embeddable":true,"href":"https:\/\/www.enyter.com\/es\/wp-json\/wp\/v2\/comments?post=14533"}],"version-history":[{"count":2,"href":"https:\/\/www.enyter.com\/es\/wp-json\/wp\/v2\/posts\/14533\/revisions"}],"predecessor-version":[{"id":14538,"href":"https:\/\/www.enyter.com\/es\/wp-json\/wp\/v2\/posts\/14533\/revisions\/14538"}],"wp:featuredmedia":[{"embeddable":true,"href":"https:\/\/www.enyter.com\/es\/wp-json\/wp\/v2\/media\/14534"}],"wp:attachment":[{"href":"https:\/\/www.enyter.com\/es\/wp-json\/wp\/v2\/media?parent=14533"}],"wp:term":[{"taxonomy":"category","embeddable":true,"href":"https:\/\/www.enyter.com\/es\/wp-json\/wp\/v2\/categories?post=14533"},{"taxonomy":"post_tag","embeddable":true,"href":"https:\/\/www.enyter.com\/es\/wp-json\/wp\/v2\/tags?post=14533"}],"curies":[{"name":"wp","href":"https:\/\/api.w.org\/{rel}","templated":true}]}}