{"id":14656,"date":"2025-05-28T12:54:37","date_gmt":"2025-05-28T10:54:37","guid":{"rendered":"https:\/\/www.enyter.com\/?p=14656"},"modified":"2025-05-28T12:54:37","modified_gmt":"2025-05-28T10:54:37","slug":"control-de-alquileres-zonas-tensionadas-2025","status":"publish","type":"post","link":"https:\/\/www.enyter.com\/es\/control-de-alquileres-zonas-tensionadas-2025\/","title":{"rendered":"Control de alquileres en zonas tensionadas 2025"},"content":{"rendered":"<h1>Control de alquileres en zonas tensionadas: Lo que ios inquilinos deben saber en 2025<\/h1>\n<p>Vivir en Francia y encontrar un lugar para vivir puede ser todo un desaf\u00edo.<\/p>\n<p>A\u00fan m\u00e1s en las grandes ciudades donde la demanda supera con creces la oferta.<\/p>\n<p>Estas llamadas \u00abzonas tensionadas\u00bb cubren m\u00e1s de 1,000 municipios.<\/p>\n<p>Por ejemplo, Par\u00eds, Lyon, Burdeos o Montpellier; en estas ciudades, reglas espec\u00edficas regulan la cantidad de alquiler para prevenir abusos.<\/p>\n<h2>\ud83c\udfd9\ufe0f \u00bfQu\u00e9 es una zona tensionada?<\/h2>\n<p>Si alquila una propiedad en una zona tensionada, ya sea amueblada o sin amueblar, recuerde que la ley establece el alquiler m\u00e1ximo posible.<\/p>\n<p>Esto le protege (a los inquilinos) de aumentos excesivos al firmar el contrato de arrendamiento o al renovarlo.<\/p>\n<ul>\n<li>Para el primer alquiler, el propietario establece el alquiler libremente.<\/li>\n<li>Para renovaciones o cambios de inquilinos, el alquiler est\u00e1 limitado, a menos que se hayan realizado renovaciones o el alquiler fuera manifiestamente bajo.<\/li>\n<li>Algunas ciudades aplican controles a\u00fan m\u00e1s estrictos con alquileres de referencia que no deben superarse.<\/li>\n<\/ul>\n<h2>\ud83d\udcc5 Lo que cambia en 2025<\/h2>\n<ul>\n<li>Est\u00e1 prohibido alquilar una propiedad altamente ineficiente en t\u00e9rminos de energ\u00eda (clasificada G en el certificado de rendimiento energ\u00e9tico).<\/li>\n<li>Los aumentos anuales de alquiler est\u00e1n limitados para propiedades clasificadas F o G.<\/li>\n<li>Estas reglas se aplican a los contratos de alquiler a largo plazo, ya sean amueblados o sin amueblar.<\/li>\n<\/ul>\n<h2>\ud83d\udca1 \u00bfPor qu\u00e9 es importante?<\/h2>\n<p>Comprender estas reglas le ayuda a negociar mejor su contrato de arrendamiento y evitar sorpresas desagradables.<\/p>\n<p>En caso de duda o para ayudarle con sus procedimientos de alquiler, Enyter est\u00e1 aqu\u00ed para guiarle y facilitar su mudanza a Francia.<\/p>\n<p>\ud83d\udd17\u00a0<a href=\"https:\/\/www.economie.gouv.fr\/particuliers\/encadrement-loyers-zones-tendues\">M\u00e1s informaci\u00f3n<\/a><\/p>\n","protected":false},"excerpt":{"rendered":"<p>Control de alquileres en zonas tensionadas: Lo que ios inquilinos deben saber en 2025 Vivir en Francia y encontrar un lugar para vivir puede ser todo un desaf\u00edo. A\u00fan m\u00e1s en las grandes ciudades donde la demanda supera con creces la oferta. Estas llamadas \u00abzonas tensionadas\u00bb cubren m\u00e1s de 1,000 municipios. Por ejemplo, Par\u00eds, Lyon, [&hellip;]<\/p>\n","protected":false},"author":4,"featured_media":0,"comment_status":"closed","ping_status":"open","sticky":false,"template":"","format":"standard","meta":{"footnotes":""},"categories":[95],"tags":[],"class_list":["post-14656","post","type-post","status-publish","format-standard","hentry","category-enyter-es"],"yoast_head":"<!-- This site is optimized with the Yoast SEO plugin v27.5 - https:\/\/yoast.com\/product\/yoast-seo-wordpress\/ -->\n<title>Control de alquileres en zonas tensionadas 2025 - Enyter<\/title>\n<meta name=\"description\" content=\"Conozca el control de alquileres en las zonas tensionadas de Francia en 2025. Descubra las nuevas reglas, las restricciones de eficiencia energ\u00e9tica y c\u00f3mo Enyter apoya a los inquilinos\" \/>\n<meta name=\"robots\" content=\"index, follow, max-snippet:-1, max-image-preview:large, max-video-preview:-1\" \/>\n<link rel=\"canonical\" href=\"https:\/\/www.enyter.com\/es\/control-de-alquileres-zonas-tensionadas-2025\/\" \/>\n<meta property=\"og:locale\" content=\"es_ES\" \/>\n<meta property=\"og:type\" content=\"article\" \/>\n<meta property=\"og:title\" content=\"Control de alquileres en zonas tensionadas 2025 - Enyter\" \/>\n<meta property=\"og:description\" content=\"Conozca el control de alquileres en las zonas tensionadas de Francia en 2025. Descubra las nuevas reglas, las restricciones de eficiencia energ\u00e9tica y c\u00f3mo Enyter apoya a los inquilinos\" \/>\n<meta property=\"og:url\" content=\"https:\/\/www.enyter.com\/es\/control-de-alquileres-zonas-tensionadas-2025\/\" \/>\n<meta property=\"og:site_name\" content=\"Enyter\" \/>\n<meta property=\"article:published_time\" content=\"2025-05-28T10:54:37+00:00\" \/>\n<meta name=\"author\" content=\"Enyter\" \/>\n<meta name=\"twitter:card\" content=\"summary_large_image\" \/>\n<meta name=\"twitter:label1\" content=\"Escrito por\" \/>\n\t<meta name=\"twitter:data1\" content=\"Enyter\" \/>\n\t<meta name=\"twitter:label2\" content=\"Tiempo de lectura\" \/>\n\t<meta name=\"twitter:data2\" content=\"2 minutos\" \/>\n<script type=\"application\/ld+json\" class=\"yoast-schema-graph\">{\"@context\":\"https:\\\/\\\/schema.org\",\"@graph\":[{\"@type\":\"Article\",\"@id\":\"https:\\\/\\\/www.enyter.com\\\/es\\\/control-de-alquileres-zonas-tensionadas-2025\\\/#article\",\"isPartOf\":{\"@id\":\"https:\\\/\\\/www.enyter.com\\\/es\\\/control-de-alquileres-zonas-tensionadas-2025\\\/\"},\"author\":{\"name\":\"Enyter\",\"@id\":\"https:\\\/\\\/www.enyter.com\\\/es\\\/#\\\/schema\\\/person\\\/2f6aab44c9efdc53d2e2e922ed7aa1e5\"},\"headline\":\"Control de alquileres en zonas tensionadas 2025\",\"datePublished\":\"2025-05-28T10:54:37+00:00\",\"mainEntityOfPage\":{\"@id\":\"https:\\\/\\\/www.enyter.com\\\/es\\\/control-de-alquileres-zonas-tensionadas-2025\\\/\"},\"wordCount\":283,\"articleSection\":[\"Enyter\"],\"inLanguage\":\"es\"},{\"@type\":\"WebPage\",\"@id\":\"https:\\\/\\\/www.enyter.com\\\/es\\\/control-de-alquileres-zonas-tensionadas-2025\\\/\",\"url\":\"https:\\\/\\\/www.enyter.com\\\/es\\\/control-de-alquileres-zonas-tensionadas-2025\\\/\",\"name\":\"Control de alquileres en zonas tensionadas 2025 - Enyter\",\"isPartOf\":{\"@id\":\"https:\\\/\\\/www.enyter.com\\\/es\\\/#website\"},\"datePublished\":\"2025-05-28T10:54:37+00:00\",\"author\":{\"@id\":\"https:\\\/\\\/www.enyter.com\\\/es\\\/#\\\/schema\\\/person\\\/2f6aab44c9efdc53d2e2e922ed7aa1e5\"},\"description\":\"Conozca el control de alquileres en las zonas tensionadas de Francia en 2025. Descubra las nuevas reglas, las restricciones de eficiencia energ\u00e9tica y c\u00f3mo Enyter apoya a los inquilinos\",\"breadcrumb\":{\"@id\":\"https:\\\/\\\/www.enyter.com\\\/es\\\/control-de-alquileres-zonas-tensionadas-2025\\\/#breadcrumb\"},\"inLanguage\":\"es\",\"potentialAction\":[{\"@type\":\"ReadAction\",\"target\":[\"https:\\\/\\\/www.enyter.com\\\/es\\\/control-de-alquileres-zonas-tensionadas-2025\\\/\"]}]},{\"@type\":\"BreadcrumbList\",\"@id\":\"https:\\\/\\\/www.enyter.com\\\/es\\\/control-de-alquileres-zonas-tensionadas-2025\\\/#breadcrumb\",\"itemListElement\":[{\"@type\":\"ListItem\",\"position\":1,\"name\":\"Inicio\",\"item\":\"https:\\\/\\\/www.enyter.com\\\/es\\\/\"},{\"@type\":\"ListItem\",\"position\":2,\"name\":\"Control de alquileres en zonas tensionadas 2025\"}]},{\"@type\":\"WebSite\",\"@id\":\"https:\\\/\\\/www.enyter.com\\\/es\\\/#website\",\"url\":\"https:\\\/\\\/www.enyter.com\\\/es\\\/\",\"name\":\"Enyter\",\"description\":\"Sp\u00e9cialiste de la mobilit\u00e9\",\"potentialAction\":[{\"@type\":\"SearchAction\",\"target\":{\"@type\":\"EntryPoint\",\"urlTemplate\":\"https:\\\/\\\/www.enyter.com\\\/es\\\/?s={search_term_string}\"},\"query-input\":{\"@type\":\"PropertyValueSpecification\",\"valueRequired\":true,\"valueName\":\"search_term_string\"}}],\"inLanguage\":\"es\"},{\"@type\":\"Person\",\"@id\":\"https:\\\/\\\/www.enyter.com\\\/es\\\/#\\\/schema\\\/person\\\/2f6aab44c9efdc53d2e2e922ed7aa1e5\",\"name\":\"Enyter\",\"image\":{\"@type\":\"ImageObject\",\"inLanguage\":\"es\",\"@id\":\"https:\\\/\\\/secure.gravatar.com\\\/avatar\\\/8c152776ee1f8c1d2bc6b354d71f5ca39da2de43444b967e1ef4e661fd2a813f?s=96&d=mm&r=g\",\"url\":\"https:\\\/\\\/secure.gravatar.com\\\/avatar\\\/8c152776ee1f8c1d2bc6b354d71f5ca39da2de43444b967e1ef4e661fd2a813f?s=96&d=mm&r=g\",\"contentUrl\":\"https:\\\/\\\/secure.gravatar.com\\\/avatar\\\/8c152776ee1f8c1d2bc6b354d71f5ca39da2de43444b967e1ef4e661fd2a813f?s=96&d=mm&r=g\",\"caption\":\"Enyter\"},\"sameAs\":[\"http:\\\/\\\/enyter.com\"],\"url\":\"https:\\\/\\\/www.enyter.com\\\/es\\\/author\\\/enyter\\\/\"}]}<\/script>\n<!-- \/ Yoast SEO plugin. -->","yoast_head_json":{"title":"Control de alquileres en zonas tensionadas 2025 - Enyter","description":"Conozca el control de alquileres en las zonas tensionadas de Francia en 2025. Descubra las nuevas reglas, las restricciones de eficiencia energ\u00e9tica y c\u00f3mo Enyter apoya a los inquilinos","robots":{"index":"index","follow":"follow","max-snippet":"max-snippet:-1","max-image-preview":"max-image-preview:large","max-video-preview":"max-video-preview:-1"},"canonical":"https:\/\/www.enyter.com\/es\/control-de-alquileres-zonas-tensionadas-2025\/","og_locale":"es_ES","og_type":"article","og_title":"Control de alquileres en zonas tensionadas 2025 - Enyter","og_description":"Conozca el control de alquileres en las zonas tensionadas de Francia en 2025. Descubra las nuevas reglas, las restricciones de eficiencia energ\u00e9tica y c\u00f3mo Enyter apoya a los inquilinos","og_url":"https:\/\/www.enyter.com\/es\/control-de-alquileres-zonas-tensionadas-2025\/","og_site_name":"Enyter","article_published_time":"2025-05-28T10:54:37+00:00","author":"Enyter","twitter_card":"summary_large_image","twitter_misc":{"Escrito por":"Enyter","Tiempo de lectura":"2 minutos"},"schema":{"@context":"https:\/\/schema.org","@graph":[{"@type":"Article","@id":"https:\/\/www.enyter.com\/es\/control-de-alquileres-zonas-tensionadas-2025\/#article","isPartOf":{"@id":"https:\/\/www.enyter.com\/es\/control-de-alquileres-zonas-tensionadas-2025\/"},"author":{"name":"Enyter","@id":"https:\/\/www.enyter.com\/es\/#\/schema\/person\/2f6aab44c9efdc53d2e2e922ed7aa1e5"},"headline":"Control de alquileres en zonas tensionadas 2025","datePublished":"2025-05-28T10:54:37+00:00","mainEntityOfPage":{"@id":"https:\/\/www.enyter.com\/es\/control-de-alquileres-zonas-tensionadas-2025\/"},"wordCount":283,"articleSection":["Enyter"],"inLanguage":"es"},{"@type":"WebPage","@id":"https:\/\/www.enyter.com\/es\/control-de-alquileres-zonas-tensionadas-2025\/","url":"https:\/\/www.enyter.com\/es\/control-de-alquileres-zonas-tensionadas-2025\/","name":"Control de alquileres en zonas tensionadas 2025 - Enyter","isPartOf":{"@id":"https:\/\/www.enyter.com\/es\/#website"},"datePublished":"2025-05-28T10:54:37+00:00","author":{"@id":"https:\/\/www.enyter.com\/es\/#\/schema\/person\/2f6aab44c9efdc53d2e2e922ed7aa1e5"},"description":"Conozca el control de alquileres en las zonas tensionadas de Francia en 2025. Descubra las nuevas reglas, las restricciones de eficiencia energ\u00e9tica y c\u00f3mo Enyter apoya a los inquilinos","breadcrumb":{"@id":"https:\/\/www.enyter.com\/es\/control-de-alquileres-zonas-tensionadas-2025\/#breadcrumb"},"inLanguage":"es","potentialAction":[{"@type":"ReadAction","target":["https:\/\/www.enyter.com\/es\/control-de-alquileres-zonas-tensionadas-2025\/"]}]},{"@type":"BreadcrumbList","@id":"https:\/\/www.enyter.com\/es\/control-de-alquileres-zonas-tensionadas-2025\/#breadcrumb","itemListElement":[{"@type":"ListItem","position":1,"name":"Inicio","item":"https:\/\/www.enyter.com\/es\/"},{"@type":"ListItem","position":2,"name":"Control de alquileres en zonas tensionadas 2025"}]},{"@type":"WebSite","@id":"https:\/\/www.enyter.com\/es\/#website","url":"https:\/\/www.enyter.com\/es\/","name":"Enyter","description":"Sp\u00e9cialiste de la mobilit\u00e9","potentialAction":[{"@type":"SearchAction","target":{"@type":"EntryPoint","urlTemplate":"https:\/\/www.enyter.com\/es\/?s={search_term_string}"},"query-input":{"@type":"PropertyValueSpecification","valueRequired":true,"valueName":"search_term_string"}}],"inLanguage":"es"},{"@type":"Person","@id":"https:\/\/www.enyter.com\/es\/#\/schema\/person\/2f6aab44c9efdc53d2e2e922ed7aa1e5","name":"Enyter","image":{"@type":"ImageObject","inLanguage":"es","@id":"https:\/\/secure.gravatar.com\/avatar\/8c152776ee1f8c1d2bc6b354d71f5ca39da2de43444b967e1ef4e661fd2a813f?s=96&d=mm&r=g","url":"https:\/\/secure.gravatar.com\/avatar\/8c152776ee1f8c1d2bc6b354d71f5ca39da2de43444b967e1ef4e661fd2a813f?s=96&d=mm&r=g","contentUrl":"https:\/\/secure.gravatar.com\/avatar\/8c152776ee1f8c1d2bc6b354d71f5ca39da2de43444b967e1ef4e661fd2a813f?s=96&d=mm&r=g","caption":"Enyter"},"sameAs":["http:\/\/enyter.com"],"url":"https:\/\/www.enyter.com\/es\/author\/enyter\/"}]}},"_links":{"self":[{"href":"https:\/\/www.enyter.com\/es\/wp-json\/wp\/v2\/posts\/14656","targetHints":{"allow":["GET"]}}],"collection":[{"href":"https:\/\/www.enyter.com\/es\/wp-json\/wp\/v2\/posts"}],"about":[{"href":"https:\/\/www.enyter.com\/es\/wp-json\/wp\/v2\/types\/post"}],"author":[{"embeddable":true,"href":"https:\/\/www.enyter.com\/es\/wp-json\/wp\/v2\/users\/4"}],"replies":[{"embeddable":true,"href":"https:\/\/www.enyter.com\/es\/wp-json\/wp\/v2\/comments?post=14656"}],"version-history":[{"count":1,"href":"https:\/\/www.enyter.com\/es\/wp-json\/wp\/v2\/posts\/14656\/revisions"}],"predecessor-version":[{"id":14657,"href":"https:\/\/www.enyter.com\/es\/wp-json\/wp\/v2\/posts\/14656\/revisions\/14657"}],"wp:attachment":[{"href":"https:\/\/www.enyter.com\/es\/wp-json\/wp\/v2\/media?parent=14656"}],"wp:term":[{"taxonomy":"category","embeddable":true,"href":"https:\/\/www.enyter.com\/es\/wp-json\/wp\/v2\/categories?post=14656"},{"taxonomy":"post_tag","embeddable":true,"href":"https:\/\/www.enyter.com\/es\/wp-json\/wp\/v2\/tags?post=14656"}],"curies":[{"name":"wp","href":"https:\/\/api.w.org\/{rel}","templated":true}]}}