{"id":15221,"date":"2025-07-30T17:51:51","date_gmt":"2025-07-30T15:51:51","guid":{"rendered":"https:\/\/www.enyter.com\/?p=15221"},"modified":"2025-07-31T16:33:24","modified_gmt":"2025-07-31T14:33:24","slug":"interview-enyter-relocation-mobilite-professionelle-sur-bfm-business","status":"publish","type":"post","link":"https:\/\/www.enyter.com\/es\/interview-enyter-relocation-mobilite-professionelle-sur-bfm-business\/","title":{"rendered":"ENYTER sur BFM BUSINESS"},"content":{"rendered":"<p>ENYTER sur BFM BUSINESS<\/p>\n<p>Voici une premi\u00e8re capsule de l&#8217;interview d&#8217;ENYTER par Mathile Wessels de nous avoir permis d&#8217;expliquer notre m\u00e9tier de la relocation lors d&#8217;une mobilit\u00e9 professionnelle; qu&#8217;elle soit internationale ou nationale.<\/p>\n<p>Merci \u00e0 Chlo\u00e9 Marouze pour son aide lors de la pr\u00e9paration.<\/p>\n<div style=\"width: 1080px;\" class=\"wp-video\"><video class=\"wp-video-shortcode\" id=\"video-15221-1\" width=\"1080\" height=\"1920\" preload=\"metadata\" controls=\"controls\"><source type=\"video\/mp4\" src=\"http:\/\/www.enyter.com\/wp-content\/uploads\/2025\/07\/ENYTEL_MOBILITE-PROFESSIONNELLE.mp4?_=1\" \/><a href=\"http:\/\/www.enyter.com\/wp-content\/uploads\/2025\/07\/ENYTEL_MOBILITE-PROFESSIONNELLE.mp4\">http:\/\/www.enyter.com\/wp-content\/uploads\/2025\/07\/ENYTEL_MOBILITE-PROFESSIONNELLE.mp4<\/a><\/video><\/div>\n<p>ENYTER est \u00e0 votre \u00e9coute pour toute question et tout \u00e9chnage sur les sujets de la mobilit\u00e9 professionnelle.<\/p>\n","protected":false},"excerpt":{"rendered":"<p>ENYTER sur BFM BUSINESS Voici une premi\u00e8re capsule de l&#8217;interview d&#8217;ENYTER par Mathile Wessels de nous avoir permis d&#8217;expliquer notre m\u00e9tier de la relocation lors d&#8217;une mobilit\u00e9 professionnelle; qu&#8217;elle soit internationale ou nationale. Merci \u00e0 Chlo\u00e9 Marouze pour son aide lors de la pr\u00e9paration. ENYTER est \u00e0 votre \u00e9coute pour toute question et tout \u00e9chnage [&hellip;]<\/p>\n","protected":false},"author":4,"featured_media":15226,"comment_status":"closed","ping_status":"open","sticky":false,"template":"","format":"video","meta":{"footnotes":""},"categories":[64],"tags":[],"class_list":["post-15221","post","type-post","status-publish","format-video","has-post-thumbnail","hentry","category-enyter","post_format-post-format-video"],"yoast_head":"<!-- This site is optimized with the Yoast SEO plugin v27.5 - https:\/\/yoast.com\/product\/yoast-seo-wordpress\/ -->\n<title>ENYTER sur BFM BUSINESS - Enyter<\/title>\n<meta name=\"description\" content=\"interview d&#039;ENYTER RELOCATION acteur leader de la MOBILITE PROFESSIONNELLE sur BFM BUSINESS\" \/>\n<meta name=\"robots\" content=\"index, follow, max-snippet:-1, max-image-preview:large, max-video-preview:-1\" \/>\n<link rel=\"canonical\" href=\"https:\/\/www.enyter.com\/es\/interview-enyter-relocation-mobilite-professionelle-sur-bfm-business\/\" \/>\n<meta property=\"og:locale\" content=\"es_ES\" \/>\n<meta property=\"og:type\" content=\"article\" \/>\n<meta property=\"og:title\" content=\"ENYTER sur BFM BUSINESS - Enyter\" \/>\n<meta property=\"og:description\" content=\"interview d&#039;ENYTER RELOCATION acteur leader de la MOBILITE PROFESSIONNELLE sur BFM BUSINESS\" \/>\n<meta property=\"og:url\" content=\"https:\/\/www.enyter.com\/es\/interview-enyter-relocation-mobilite-professionelle-sur-bfm-business\/\" \/>\n<meta property=\"og:site_name\" content=\"Enyter\" \/>\n<meta property=\"article:published_time\" content=\"2025-07-30T15:51:51+00:00\" \/>\n<meta property=\"article:modified_time\" content=\"2025-07-31T14:33:24+00:00\" \/>\n<meta property=\"og:image\" content=\"http:\/\/www.enyter.com\/wp-content\/uploads\/2025\/07\/Miniature-Enyter-x-BFM-Business.jpg\" \/>\n\t<meta property=\"og:image:width\" content=\"1716\" \/>\n\t<meta property=\"og:image:height\" content=\"966\" \/>\n\t<meta property=\"og:image:type\" content=\"image\/jpeg\" \/>\n<meta name=\"author\" content=\"Enyter\" \/>\n<meta name=\"twitter:card\" content=\"summary_large_image\" \/>\n<meta name=\"twitter:label1\" content=\"Escrito por\" \/>\n\t<meta name=\"twitter:data1\" content=\"Enyter\" \/>\n\t<meta name=\"twitter:label2\" content=\"Tiempo de lectura\" \/>\n\t<meta name=\"twitter:data2\" content=\"1 minuto\" \/>\n<script type=\"application\/ld+json\" class=\"yoast-schema-graph\">{\"@context\":\"https:\\\/\\\/schema.org\",\"@graph\":[{\"@type\":\"Article\",\"@id\":\"https:\\\/\\\/www.enyter.com\\\/es\\\/interview-enyter-relocation-mobilite-professionelle-sur-bfm-business\\\/#article\",\"isPartOf\":{\"@id\":\"https:\\\/\\\/www.enyter.com\\\/es\\\/interview-enyter-relocation-mobilite-professionelle-sur-bfm-business\\\/\"},\"author\":{\"name\":\"Enyter\",\"@id\":\"https:\\\/\\\/www.enyter.com\\\/es\\\/#\\\/schema\\\/person\\\/2f6aab44c9efdc53d2e2e922ed7aa1e5\"},\"headline\":\"ENYTER sur BFM BUSINESS\",\"datePublished\":\"2025-07-30T15:51:51+00:00\",\"dateModified\":\"2025-07-31T14:33:24+00:00\",\"mainEntityOfPage\":{\"@id\":\"https:\\\/\\\/www.enyter.com\\\/es\\\/interview-enyter-relocation-mobilite-professionelle-sur-bfm-business\\\/\"},\"wordCount\":81,\"image\":{\"@id\":\"https:\\\/\\\/www.enyter.com\\\/es\\\/interview-enyter-relocation-mobilite-professionelle-sur-bfm-business\\\/#primaryimage\"},\"thumbnailUrl\":\"https:\\\/\\\/www.enyter.com\\\/wp-content\\\/uploads\\\/2025\\\/07\\\/Miniature-Enyter-x-BFM-Business.jpg\",\"articleSection\":[\"Enyter\"],\"inLanguage\":\"es\"},{\"@type\":\"WebPage\",\"@id\":\"https:\\\/\\\/www.enyter.com\\\/es\\\/interview-enyter-relocation-mobilite-professionelle-sur-bfm-business\\\/\",\"url\":\"https:\\\/\\\/www.enyter.com\\\/es\\\/interview-enyter-relocation-mobilite-professionelle-sur-bfm-business\\\/\",\"name\":\"ENYTER sur BFM BUSINESS - Enyter\",\"isPartOf\":{\"@id\":\"https:\\\/\\\/www.enyter.com\\\/es\\\/#website\"},\"primaryImageOfPage\":{\"@id\":\"https:\\\/\\\/www.enyter.com\\\/es\\\/interview-enyter-relocation-mobilite-professionelle-sur-bfm-business\\\/#primaryimage\"},\"image\":{\"@id\":\"https:\\\/\\\/www.enyter.com\\\/es\\\/interview-enyter-relocation-mobilite-professionelle-sur-bfm-business\\\/#primaryimage\"},\"thumbnailUrl\":\"https:\\\/\\\/www.enyter.com\\\/wp-content\\\/uploads\\\/2025\\\/07\\\/Miniature-Enyter-x-BFM-Business.jpg\",\"datePublished\":\"2025-07-30T15:51:51+00:00\",\"dateModified\":\"2025-07-31T14:33:24+00:00\",\"author\":{\"@id\":\"https:\\\/\\\/www.enyter.com\\\/es\\\/#\\\/schema\\\/person\\\/2f6aab44c9efdc53d2e2e922ed7aa1e5\"},\"description\":\"interview d'ENYTER RELOCATION acteur leader de la MOBILITE PROFESSIONNELLE sur BFM BUSINESS\",\"breadcrumb\":{\"@id\":\"https:\\\/\\\/www.enyter.com\\\/es\\\/interview-enyter-relocation-mobilite-professionelle-sur-bfm-business\\\/#breadcrumb\"},\"inLanguage\":\"es\",\"potentialAction\":[{\"@type\":\"ReadAction\",\"target\":[\"https:\\\/\\\/www.enyter.com\\\/es\\\/interview-enyter-relocation-mobilite-professionelle-sur-bfm-business\\\/\"]}]},{\"@type\":\"ImageObject\",\"inLanguage\":\"es\",\"@id\":\"https:\\\/\\\/www.enyter.com\\\/es\\\/interview-enyter-relocation-mobilite-professionelle-sur-bfm-business\\\/#primaryimage\",\"url\":\"https:\\\/\\\/www.enyter.com\\\/wp-content\\\/uploads\\\/2025\\\/07\\\/Miniature-Enyter-x-BFM-Business.jpg\",\"contentUrl\":\"https:\\\/\\\/www.enyter.com\\\/wp-content\\\/uploads\\\/2025\\\/07\\\/Miniature-Enyter-x-BFM-Business.jpg\",\"width\":1716,\"height\":966},{\"@type\":\"BreadcrumbList\",\"@id\":\"https:\\\/\\\/www.enyter.com\\\/es\\\/interview-enyter-relocation-mobilite-professionelle-sur-bfm-business\\\/#breadcrumb\",\"itemListElement\":[{\"@type\":\"ListItem\",\"position\":1,\"name\":\"Inicio\",\"item\":\"https:\\\/\\\/www.enyter.com\\\/es\\\/\"},{\"@type\":\"ListItem\",\"position\":2,\"name\":\"ENYTER sur BFM BUSINESS\"}]},{\"@type\":\"WebSite\",\"@id\":\"https:\\\/\\\/www.enyter.com\\\/es\\\/#website\",\"url\":\"https:\\\/\\\/www.enyter.com\\\/es\\\/\",\"name\":\"Enyter\",\"description\":\"Sp\u00e9cialiste de la mobilit\u00e9\",\"potentialAction\":[{\"@type\":\"SearchAction\",\"target\":{\"@type\":\"EntryPoint\",\"urlTemplate\":\"https:\\\/\\\/www.enyter.com\\\/es\\\/?s={search_term_string}\"},\"query-input\":{\"@type\":\"PropertyValueSpecification\",\"valueRequired\":true,\"valueName\":\"search_term_string\"}}],\"inLanguage\":\"es\"},{\"@type\":\"Person\",\"@id\":\"https:\\\/\\\/www.enyter.com\\\/es\\\/#\\\/schema\\\/person\\\/2f6aab44c9efdc53d2e2e922ed7aa1e5\",\"name\":\"Enyter\",\"image\":{\"@type\":\"ImageObject\",\"inLanguage\":\"es\",\"@id\":\"https:\\\/\\\/secure.gravatar.com\\\/avatar\\\/8c152776ee1f8c1d2bc6b354d71f5ca39da2de43444b967e1ef4e661fd2a813f?s=96&d=mm&r=g\",\"url\":\"https:\\\/\\\/secure.gravatar.com\\\/avatar\\\/8c152776ee1f8c1d2bc6b354d71f5ca39da2de43444b967e1ef4e661fd2a813f?s=96&d=mm&r=g\",\"contentUrl\":\"https:\\\/\\\/secure.gravatar.com\\\/avatar\\\/8c152776ee1f8c1d2bc6b354d71f5ca39da2de43444b967e1ef4e661fd2a813f?s=96&d=mm&r=g\",\"caption\":\"Enyter\"},\"sameAs\":[\"http:\\\/\\\/enyter.com\"],\"url\":\"https:\\\/\\\/www.enyter.com\\\/es\\\/author\\\/enyter\\\/\"}]}<\/script>\n<!-- \/ Yoast SEO plugin. -->","yoast_head_json":{"title":"ENYTER sur BFM BUSINESS - Enyter","description":"interview d'ENYTER RELOCATION acteur leader de la MOBILITE PROFESSIONNELLE sur BFM BUSINESS","robots":{"index":"index","follow":"follow","max-snippet":"max-snippet:-1","max-image-preview":"max-image-preview:large","max-video-preview":"max-video-preview:-1"},"canonical":"https:\/\/www.enyter.com\/es\/interview-enyter-relocation-mobilite-professionelle-sur-bfm-business\/","og_locale":"es_ES","og_type":"article","og_title":"ENYTER sur BFM BUSINESS - Enyter","og_description":"interview d'ENYTER RELOCATION acteur leader de la MOBILITE PROFESSIONNELLE sur BFM BUSINESS","og_url":"https:\/\/www.enyter.com\/es\/interview-enyter-relocation-mobilite-professionelle-sur-bfm-business\/","og_site_name":"Enyter","article_published_time":"2025-07-30T15:51:51+00:00","article_modified_time":"2025-07-31T14:33:24+00:00","og_image":[{"width":1716,"height":966,"url":"http:\/\/www.enyter.com\/wp-content\/uploads\/2025\/07\/Miniature-Enyter-x-BFM-Business.jpg","type":"image\/jpeg"}],"author":"Enyter","twitter_card":"summary_large_image","twitter_misc":{"Escrito por":"Enyter","Tiempo de lectura":"1 minuto"},"schema":{"@context":"https:\/\/schema.org","@graph":[{"@type":"Article","@id":"https:\/\/www.enyter.com\/es\/interview-enyter-relocation-mobilite-professionelle-sur-bfm-business\/#article","isPartOf":{"@id":"https:\/\/www.enyter.com\/es\/interview-enyter-relocation-mobilite-professionelle-sur-bfm-business\/"},"author":{"name":"Enyter","@id":"https:\/\/www.enyter.com\/es\/#\/schema\/person\/2f6aab44c9efdc53d2e2e922ed7aa1e5"},"headline":"ENYTER sur BFM BUSINESS","datePublished":"2025-07-30T15:51:51+00:00","dateModified":"2025-07-31T14:33:24+00:00","mainEntityOfPage":{"@id":"https:\/\/www.enyter.com\/es\/interview-enyter-relocation-mobilite-professionelle-sur-bfm-business\/"},"wordCount":81,"image":{"@id":"https:\/\/www.enyter.com\/es\/interview-enyter-relocation-mobilite-professionelle-sur-bfm-business\/#primaryimage"},"thumbnailUrl":"https:\/\/www.enyter.com\/wp-content\/uploads\/2025\/07\/Miniature-Enyter-x-BFM-Business.jpg","articleSection":["Enyter"],"inLanguage":"es"},{"@type":"WebPage","@id":"https:\/\/www.enyter.com\/es\/interview-enyter-relocation-mobilite-professionelle-sur-bfm-business\/","url":"https:\/\/www.enyter.com\/es\/interview-enyter-relocation-mobilite-professionelle-sur-bfm-business\/","name":"ENYTER sur BFM BUSINESS - Enyter","isPartOf":{"@id":"https:\/\/www.enyter.com\/es\/#website"},"primaryImageOfPage":{"@id":"https:\/\/www.enyter.com\/es\/interview-enyter-relocation-mobilite-professionelle-sur-bfm-business\/#primaryimage"},"image":{"@id":"https:\/\/www.enyter.com\/es\/interview-enyter-relocation-mobilite-professionelle-sur-bfm-business\/#primaryimage"},"thumbnailUrl":"https:\/\/www.enyter.com\/wp-content\/uploads\/2025\/07\/Miniature-Enyter-x-BFM-Business.jpg","datePublished":"2025-07-30T15:51:51+00:00","dateModified":"2025-07-31T14:33:24+00:00","author":{"@id":"https:\/\/www.enyter.com\/es\/#\/schema\/person\/2f6aab44c9efdc53d2e2e922ed7aa1e5"},"description":"interview d'ENYTER RELOCATION acteur leader de la MOBILITE PROFESSIONNELLE sur BFM BUSINESS","breadcrumb":{"@id":"https:\/\/www.enyter.com\/es\/interview-enyter-relocation-mobilite-professionelle-sur-bfm-business\/#breadcrumb"},"inLanguage":"es","potentialAction":[{"@type":"ReadAction","target":["https:\/\/www.enyter.com\/es\/interview-enyter-relocation-mobilite-professionelle-sur-bfm-business\/"]}]},{"@type":"ImageObject","inLanguage":"es","@id":"https:\/\/www.enyter.com\/es\/interview-enyter-relocation-mobilite-professionelle-sur-bfm-business\/#primaryimage","url":"https:\/\/www.enyter.com\/wp-content\/uploads\/2025\/07\/Miniature-Enyter-x-BFM-Business.jpg","contentUrl":"https:\/\/www.enyter.com\/wp-content\/uploads\/2025\/07\/Miniature-Enyter-x-BFM-Business.jpg","width":1716,"height":966},{"@type":"BreadcrumbList","@id":"https:\/\/www.enyter.com\/es\/interview-enyter-relocation-mobilite-professionelle-sur-bfm-business\/#breadcrumb","itemListElement":[{"@type":"ListItem","position":1,"name":"Inicio","item":"https:\/\/www.enyter.com\/es\/"},{"@type":"ListItem","position":2,"name":"ENYTER sur BFM BUSINESS"}]},{"@type":"WebSite","@id":"https:\/\/www.enyter.com\/es\/#website","url":"https:\/\/www.enyter.com\/es\/","name":"Enyter","description":"Sp\u00e9cialiste de la mobilit\u00e9","potentialAction":[{"@type":"SearchAction","target":{"@type":"EntryPoint","urlTemplate":"https:\/\/www.enyter.com\/es\/?s={search_term_string}"},"query-input":{"@type":"PropertyValueSpecification","valueRequired":true,"valueName":"search_term_string"}}],"inLanguage":"es"},{"@type":"Person","@id":"https:\/\/www.enyter.com\/es\/#\/schema\/person\/2f6aab44c9efdc53d2e2e922ed7aa1e5","name":"Enyter","image":{"@type":"ImageObject","inLanguage":"es","@id":"https:\/\/secure.gravatar.com\/avatar\/8c152776ee1f8c1d2bc6b354d71f5ca39da2de43444b967e1ef4e661fd2a813f?s=96&d=mm&r=g","url":"https:\/\/secure.gravatar.com\/avatar\/8c152776ee1f8c1d2bc6b354d71f5ca39da2de43444b967e1ef4e661fd2a813f?s=96&d=mm&r=g","contentUrl":"https:\/\/secure.gravatar.com\/avatar\/8c152776ee1f8c1d2bc6b354d71f5ca39da2de43444b967e1ef4e661fd2a813f?s=96&d=mm&r=g","caption":"Enyter"},"sameAs":["http:\/\/enyter.com"],"url":"https:\/\/www.enyter.com\/es\/author\/enyter\/"}]}},"_links":{"self":[{"href":"https:\/\/www.enyter.com\/es\/wp-json\/wp\/v2\/posts\/15221","targetHints":{"allow":["GET"]}}],"collection":[{"href":"https:\/\/www.enyter.com\/es\/wp-json\/wp\/v2\/posts"}],"about":[{"href":"https:\/\/www.enyter.com\/es\/wp-json\/wp\/v2\/types\/post"}],"author":[{"embeddable":true,"href":"https:\/\/www.enyter.com\/es\/wp-json\/wp\/v2\/users\/4"}],"replies":[{"embeddable":true,"href":"https:\/\/www.enyter.com\/es\/wp-json\/wp\/v2\/comments?post=15221"}],"version-history":[{"count":7,"href":"https:\/\/www.enyter.com\/es\/wp-json\/wp\/v2\/posts\/15221\/revisions"}],"predecessor-version":[{"id":15241,"href":"https:\/\/www.enyter.com\/es\/wp-json\/wp\/v2\/posts\/15221\/revisions\/15241"}],"wp:featuredmedia":[{"embeddable":true,"href":"https:\/\/www.enyter.com\/es\/wp-json\/wp\/v2\/media\/15226"}],"wp:attachment":[{"href":"https:\/\/www.enyter.com\/es\/wp-json\/wp\/v2\/media?parent=15221"}],"wp:term":[{"taxonomy":"category","embeddable":true,"href":"https:\/\/www.enyter.com\/es\/wp-json\/wp\/v2\/categories?post=15221"},{"taxonomy":"post_tag","embeddable":true,"href":"https:\/\/www.enyter.com\/es\/wp-json\/wp\/v2\/tags?post=15221"}],"curies":[{"name":"wp","href":"https:\/\/api.w.org\/{rel}","templated":true}]}}